{"id":91,"date":"2024-01-18T18:44:32","date_gmt":"2024-01-18T21:44:32","guid":{"rendered":"http:\/\/rudacine.com.ar\/?post_type=peliculas&#038;p=91"},"modified":"2025-06-07T11:36:50","modified_gmt":"2025-06-07T14:36:50","slug":"dos-disparos","status":"publish","type":"post","link":"https:\/\/rudacine.com.ar\/en\/dos-disparos\/","title":{"rendered":"Two shots fired"},"content":{"rendered":"<figure class=\"wp-block-gallery has-nested-images columns-2 is-cropped wp-block-gallery-1 is-layout-flex wp-block-gallery-is-layout-flex\">\n<figure class=\"wp-block-image size-large\"><img fetchpriority=\"high\" decoding=\"async\" width=\"960\" height=\"540\" data-id=\"118\" src=\"https:\/\/rudacine.com.ar\/wp-content\/uploads\/2020\/03\/dos-disparo-escena-05.jpg\" alt=\"\" class=\"wp-image-118\" srcset=\"https:\/\/rudacine.com.ar\/wp-content\/uploads\/2020\/03\/dos-disparo-escena-05.jpg 960w, https:\/\/rudacine.com.ar\/wp-content\/uploads\/2020\/03\/dos-disparo-escena-05-300x169.jpg 300w, https:\/\/rudacine.com.ar\/wp-content\/uploads\/2020\/03\/dos-disparo-escena-05-768x432.jpg 768w\" sizes=\"(max-width: 960px) 100vw, 960px\" \/><\/figure>\n\n\n\n<figure class=\"wp-block-image size-large\"><img decoding=\"async\" width=\"960\" height=\"540\" data-id=\"117\" src=\"https:\/\/rudacine.com.ar\/wp-content\/uploads\/2020\/03\/dos-disparo-escena-04.jpg\" alt=\"\" class=\"wp-image-117\" srcset=\"https:\/\/rudacine.com.ar\/wp-content\/uploads\/2020\/03\/dos-disparo-escena-04.jpg 960w, https:\/\/rudacine.com.ar\/wp-content\/uploads\/2020\/03\/dos-disparo-escena-04-300x169.jpg 300w, https:\/\/rudacine.com.ar\/wp-content\/uploads\/2020\/03\/dos-disparo-escena-04-768x432.jpg 768w\" sizes=\"(max-width: 960px) 100vw, 960px\" \/><\/figure>\n\n\n\n<figure class=\"wp-block-image size-large\"><img decoding=\"async\" width=\"960\" height=\"540\" data-id=\"116\" src=\"https:\/\/rudacine.com.ar\/wp-content\/uploads\/2020\/03\/dos-disparo-escena-03.jpg\" alt=\"\" class=\"wp-image-116\" srcset=\"https:\/\/rudacine.com.ar\/wp-content\/uploads\/2020\/03\/dos-disparo-escena-03.jpg 960w, https:\/\/rudacine.com.ar\/wp-content\/uploads\/2020\/03\/dos-disparo-escena-03-300x169.jpg 300w, https:\/\/rudacine.com.ar\/wp-content\/uploads\/2020\/03\/dos-disparo-escena-03-768x432.jpg 768w\" sizes=\"(max-width: 960px) 100vw, 960px\" \/><\/figure>\n\n\n\n<figure class=\"wp-block-image size-large\"><img loading=\"lazy\" decoding=\"async\" width=\"960\" height=\"540\" data-id=\"115\" src=\"https:\/\/rudacine.com.ar\/wp-content\/uploads\/2020\/03\/dos-disparo-escena-02.jpg\" alt=\"\" class=\"wp-image-115\" srcset=\"https:\/\/rudacine.com.ar\/wp-content\/uploads\/2020\/03\/dos-disparo-escena-02.jpg 960w, https:\/\/rudacine.com.ar\/wp-content\/uploads\/2020\/03\/dos-disparo-escena-02-300x169.jpg 300w, https:\/\/rudacine.com.ar\/wp-content\/uploads\/2020\/03\/dos-disparo-escena-02-768x432.jpg 768w\" sizes=\"(max-width: 960px) 100vw, 960px\" \/><\/figure>\n\n\n\n<figure class=\"wp-block-image size-large\"><img loading=\"lazy\" decoding=\"async\" width=\"960\" height=\"540\" data-id=\"114\" src=\"https:\/\/rudacine.com.ar\/wp-content\/uploads\/2020\/03\/dos-disparo-escena-01.jpg\" alt=\"\" class=\"wp-image-114\" srcset=\"https:\/\/rudacine.com.ar\/wp-content\/uploads\/2020\/03\/dos-disparo-escena-01.jpg 960w, https:\/\/rudacine.com.ar\/wp-content\/uploads\/2020\/03\/dos-disparo-escena-01-300x169.jpg 300w, https:\/\/rudacine.com.ar\/wp-content\/uploads\/2020\/03\/dos-disparo-escena-01-768x432.jpg 768w\" sizes=\"(max-width: 960px) 100vw, 960px\" \/><\/figure>\n<\/figure>\n\n\n\n<div class=\"wp-block-group is-vertical is-nowrap is-layout-flex wp-container-core-group-is-layout-1a05e268 wp-block-group-is-layout-flex\" style=\"padding-top:30px;padding-right:30px;padding-bottom:30px;padding-left:30px\">\n<p>by <strong>Mart\u00edn Rejtman<\/strong> &#8211; Argentina, 2014, Largometraje, Ficci\u00f3n, 104 min, Digital, Color<\/p>\n\n\n\n<p>Una madrugada, Mariano, un adolescente de 17 a\u00f1os, encuentra un rev\u00f3lver en su casa y sin pensarlo se dispara dos veces. Sobrevive. <em>Two shots fired<\/em> es la historia sobre c\u00f3mo Mariano y su familia reaccionan a esta situaci\u00f3n.<\/p>\n\n\n\n<p><strong>CAST<\/strong><\/p>\n\n\n\n<p>Rafael Federman<br>Susana Pamp\u00edn<\/p>\n\n\n\n<p>Fabi\u00e1n Arenillas<br>Manuela Martelli<br>Camila Fabbri<br>Laura Paredes<br>Daniela Pal<br>Benjam\u00edn Coehlo<br>Walter Jakob<br>Mar\u00eda In\u00e9s Sancerni<\/p>\n\n\n\n<p><strong>CREW<\/strong><\/p>\n\n\n\n<p>Written and directed by: <strong>Mart\u00edn Rejtman<\/strong><br>Executive production: <strong>Violeta Bava y Rosa Mart\u00ednez Rivero<\/strong><br>Cinematography and camera: <strong>Lucio Bonelli<\/strong><br>Art director: <strong>Mariela R\u00edpodas<\/strong><br>Sound direction: <strong>Diego Mart\u00ednez Rivero y David Miranda Hardy<\/strong><br>Music:<strong> Diego Vainer<\/strong><br>Edition: <strong>Mart\u00edn Mainoli<\/strong><\/p>\n\n\n\n<p><strong>WITH THE SUPPORT OF<\/strong><\/p>\n\n\n\n<p>INCAA, Alta Definici\u00f3n Argentina<br>FFA (Chile)<br>Hubert Bals Fund (Holanda)<br>Programa Ibermedia.<\/p>\n\n\n\n<p><strong>AWARDS<\/strong><\/p>\n\n\n\n<p>Mejor pel\u00edcula, Tucum\u00e1n Cine 2014<br>Mejor pel\u00edcula nacional 2014, otorgado por Fipresci Argentina.<br>Mejor pel\u00edcula de la Competencia Internacional, Atl\u00e1ntida Film Festival 2015.<\/p>\n\n\n\n<p><strong>Disponible en<\/strong> Mubi<\/p>\n<\/div>","protected":false},"excerpt":{"rendered":"<p>de Mart\u00edn Rejtman &#8211; Ficcion, 2014, 104, Digital, Color<\/p>","protected":false},"author":2,"featured_media":114,"comment_status":"closed","ping_status":"closed","sticky":false,"template":"","format":"standard","meta":{"_acf_changed":false,"footnotes":""},"categories":[38],"tags":[],"class_list":["post-91","post","type-post","status-publish","format-standard","has-post-thumbnail","hentry","category-martin-rejtman"],"acf":{"orden":"","imagen_mobile":null},"_links":{"self":[{"href":"https:\/\/rudacine.com.ar\/en\/wp-json\/wp\/v2\/posts\/91","targetHints":{"allow":["GET"]}}],"collection":[{"href":"https:\/\/rudacine.com.ar\/en\/wp-json\/wp\/v2\/posts"}],"about":[{"href":"https:\/\/rudacine.com.ar\/en\/wp-json\/wp\/v2\/types\/post"}],"author":[{"embeddable":true,"href":"https:\/\/rudacine.com.ar\/en\/wp-json\/wp\/v2\/users\/2"}],"replies":[{"embeddable":true,"href":"https:\/\/rudacine.com.ar\/en\/wp-json\/wp\/v2\/comments?post=91"}],"version-history":[{"count":0,"href":"https:\/\/rudacine.com.ar\/en\/wp-json\/wp\/v2\/posts\/91\/revisions"}],"wp:featuredmedia":[{"embeddable":true,"href":"https:\/\/rudacine.com.ar\/en\/wp-json\/wp\/v2\/media\/114"}],"wp:attachment":[{"href":"https:\/\/rudacine.com.ar\/en\/wp-json\/wp\/v2\/media?parent=91"}],"wp:term":[{"taxonomy":"category","embeddable":true,"href":"https:\/\/rudacine.com.ar\/en\/wp-json\/wp\/v2\/categories?post=91"},{"taxonomy":"post_tag","embeddable":true,"href":"https:\/\/rudacine.com.ar\/en\/wp-json\/wp\/v2\/tags?post=91"}],"curies":[{"name":"wp","href":"https:\/\/api.w.org\/{rel}","templated":true}]}}